{"id":804,"date":"2017-08-17T10:00:24","date_gmt":"2017-08-17T10:00:24","guid":{"rendered":"http:\/\/www.ofiset.es\/?p=804"},"modified":"2018-06-11T12:26:50","modified_gmt":"2018-06-11T10:26:50","slug":"ofiset-lidera-el-grupo-operativo-supra-autonomico-ecopionet-innovacion-y-bioeconomia-en-el-medio-rural","status":"publish","type":"post","link":"http:\/\/www.ofiset.es\/index.php\/2017\/08\/17\/ofiset-lidera-el-grupo-operativo-supra-autonomico-ecopionet-innovacion-y-bioeconomia-en-el-medio-rural\/","title":{"rendered":"OFISET LIDERA EL GRUPO OPERATIVO SUPRA-AUTON\u00d3MICO ECOPIONET: INNOVACI\u00d3N Y BIOECONOM\u00cdA EN EL MEDIO RURAL"},"content":{"rendered":"<p><em>Importantes actores del medio rural se han unido para formar un Grupo Operativo Supra-auton\u00f3mico que acaba de ser seleccionado por el Ministerio de Agricultura y Pesca, Alimentaci\u00f3n y Medio Ambiente (MAPAMA) para proponer un proyecto innovador a tres a\u00f1os que tiene como objetivo la creaci\u00f3n de una Organizaci\u00f3n de Productores de cultivos herb\u00e1ceos extensivos en ecol\u00f3gico a trav\u00e9s de un sistema innovador de transferencia y organizaci\u00f3n.<\/em><\/p>\n<p>&nbsp;<\/p>\n<p>ASAJA, COAG y UPA Salamanca; COAG Castilla La Mancha, UPA Toledo, SEAE, CSIC, Volterra Ecosystems, Emilio Esteban y OFISET, como representante de la Agrupaci\u00f3n, son los integrantes de este Grupo Operativo Supra-auton\u00f3mico que pretende fomentar la producci\u00f3n ecol\u00f3gica entre los agricultores, provey\u00e9ndoles de las herramientas necesarias para su conversi\u00f3n al ecol\u00f3gico y favorecer su asociacionismo canalizado a trav\u00e9s de una Organizaci\u00f3n de productores. Esta Organizaci\u00f3n se focalizar\u00e1 en la comercializaci\u00f3n de las producciones obtenidas, mejorando la capacidad de negociaci\u00f3n del primer eslab\u00f3n, lo que repercutir\u00e1 en la bioeconom\u00eda de las zonas rurales, haciendo que la actividad agr\u00edcola genere una renta sostenible en el tiempo, fijando poblaci\u00f3n y reactivando el flujo econ\u00f3mico en el mundo rural.<\/p>\n<p>Para obtener los resultados esperados, este proyecto a tres a\u00f1os planifica una serie de actuaciones teniendo como hilo conductor la producci\u00f3n ecol\u00f3gica en cultivos herb\u00e1ceos extensivos en las provincias de Salamanca, Toledo y Guadalajara.<\/p>\n<p>El Grupo Operativo identifica la producci\u00f3n ecol\u00f3gica como alternativa de cultivo rentable y sostenible en el tiempo para el secano espa\u00f1ol ya que, por un lado, la intensificaci\u00f3n actual de la agricultura no es sostenible en el tiempo a nivel medio ambiental, a nivel econ\u00f3mico y social y, por otro lado, hay estudios que avalan que es m\u00e1s barato producir un kilo de cereal de forma ecol\u00f3gica en el secano espa\u00f1ol que en climas m\u00e1s h\u00famedos del centro y norte de Europa. La producci\u00f3n ecol\u00f3gica se presenta as\u00ed como un nicho de mercado con una demanda en continuo crecimiento en el que se es m\u00e1s competitivo.<\/p>\n<p>Actualmente, existe una gran desconexi\u00f3n entre los organismos de investigaci\u00f3n y los profesionales del sector agrario. Para acercar la investigaci\u00f3n al campo se llevar\u00e1n a cabo dos jornadas t\u00e9cnicas en el mes de octubre y se diseminar\u00e1 entre los agricultores las investigaciones realizadas en este \u00e1mbito que respaldan con datos emp\u00edricos las tesis formuladas.<\/p>\n<p>Con ello se pretende conseguir la adhesi\u00f3n de agricultores convencidos y que hasta ahora no hab\u00edan dado el paso creando un grupo de referencia en cada una de las tres provincias. Este grupo de profesionales de la agricultura seleccionados conformar\u00e1n la base del proyecto: \u201cLos Pioneros\u201d que, junto con agricultores ya en ecol\u00f3gico \u201ctutores\u201d, asesores t\u00e9cnicos cualificados e investigadores formar\u00e1n la red ECOPIONET cuya funci\u00f3n ser\u00e1 trasladar a las tierras de estos pioneros el conocimiento en producci\u00f3n ecol\u00f3gica para que el resto de agricultores de la zona \u201cvecinos\u201d puedan observar en su mismo entorno los beneficios de esta conversi\u00f3n.<\/p>\n<p>Para poner en valor la diseminaci\u00f3n in situ a trav\u00e9s de cada pionero, se ha dise\u00f1ado un plan de transferencia del conocimiento multidisciplinar e integrado que pone en valor el acompa\u00f1amiento del agricultor durante el per\u00edodo de conversi\u00f3n mediante la formaci\u00f3n continua, el asesoramiento personalizado y el contacto con otros agricultores en su misma situaci\u00f3n (pioneros), tutores, t\u00e9cnicos e investigadores mediante plataformas 4.0, as\u00ed como jornadas de extensi\u00f3n agraria y desarrollo rural.<\/p>\n<p>Al cabo de los tres a\u00f1os del proceso de conversi\u00f3n, los pioneros podr\u00e1n vender sus producciones certificadas en ecol\u00f3gico. Se pretende que se unan entre ellos y se sumen aquellos tutores y agricultores en ecol\u00f3gico con producciones semejantes interesados, para agregar oferta y aumentar su poder de negociaci\u00f3n en la cadena alimentaria. Para ello se crear\u00e1 la Organizaci\u00f3n de Productores de cultivos herb\u00e1ceos extensivos en ecol\u00f3gico.<\/p>\n<p>El funcionamiento del Grupo Operativo Supra-auton\u00f3mico en relaci\u00f3n con la Asociaci\u00f3n Europea para la Innovaci\u00f3n en Materia de Productividad y Sostenibilidad Agr\u00edcola (AEI-AGRI) se enmarca dentro del Programa Nacional de Desarrollo Rural 2014-2020, financiado por el Ministerio de Agricultura y Pesca, Alimentaci\u00f3n y Medio Ambiente (MAPAMA) y por el Fondo Europeo Agr\u00edcola de Desarrollo Rural (FEADER).<\/p>\n<p>&nbsp;<\/p>\n<p><strong>Contacto:<\/strong><\/p>\n<p>Vidal S\u00e1nchez<\/p>\n<p>Responsable t\u00e9cnico en proyectos de Innovaci\u00f3n para el Medio Rural<\/p>\n<p>OFISET SL<\/p>\n<p>Tel. 669 166 914<\/p>\n<p>e-mail: ofisetsl@gmail.com<\/p>\n<p><img decoding=\"async\" loading=\"lazy\" class=\"aligncenter size-large wp-image-805\" src=\"http:\/\/www.ofiset.es\/wp-content\/uploads\/2017\/10\/Logos-FEADER-MAPAMA-PNDR-1024x164.png\" alt=\"\" width=\"1024\" height=\"164\" srcset=\"http:\/\/www.ofiset.es\/wp-content\/uploads\/2017\/10\/Logos-FEADER-MAPAMA-PNDR-1024x164.png 1024w, http:\/\/www.ofiset.es\/wp-content\/uploads\/2017\/10\/Logos-FEADER-MAPAMA-PNDR-300x48.png 300w, http:\/\/www.ofiset.es\/wp-content\/uploads\/2017\/10\/Logos-FEADER-MAPAMA-PNDR-768x123.png 768w\" sizes=\"(max-width: 1024px) 100vw, 1024px\" \/><\/p>\n","protected":false},"excerpt":{"rendered":"<p>Importantes actores del medio rural se han unido para formar un Grupo Operativo Supra-auton\u00f3mico que acaba de ser seleccionado por el Ministerio de Agricultura y Pesca, Alimentaci\u00f3n y Medio Ambiente (MAPAMA) para proponer un proyecto innovador a tres a\u00f1os que tiene como objetivo la creaci\u00f3n de una Organizaci\u00f3n de Productores de cultivos herb\u00e1ceos extensivos en [&hellip;]<\/p>\n","protected":false},"author":1,"featured_media":806,"comment_status":"open","ping_status":"open","sticky":false,"template":"","format":"standard","meta":[],"categories":[38],"tags":[],"_links":{"self":[{"href":"http:\/\/www.ofiset.es\/index.php\/wp-json\/wp\/v2\/posts\/804"}],"collection":[{"href":"http:\/\/www.ofiset.es\/index.php\/wp-json\/wp\/v2\/posts"}],"about":[{"href":"http:\/\/www.ofiset.es\/index.php\/wp-json\/wp\/v2\/types\/post"}],"author":[{"embeddable":true,"href":"http:\/\/www.ofiset.es\/index.php\/wp-json\/wp\/v2\/users\/1"}],"replies":[{"embeddable":true,"href":"http:\/\/www.ofiset.es\/index.php\/wp-json\/wp\/v2\/comments?post=804"}],"version-history":[{"count":1,"href":"http:\/\/www.ofiset.es\/index.php\/wp-json\/wp\/v2\/posts\/804\/revisions"}],"predecessor-version":[{"id":807,"href":"http:\/\/www.ofiset.es\/index.php\/wp-json\/wp\/v2\/posts\/804\/revisions\/807"}],"wp:featuredmedia":[{"embeddable":true,"href":"http:\/\/www.ofiset.es\/index.php\/wp-json\/wp\/v2\/media\/806"}],"wp:attachment":[{"href":"http:\/\/www.ofiset.es\/index.php\/wp-json\/wp\/v2\/media?parent=804"}],"wp:term":[{"taxonomy":"category","embeddable":true,"href":"http:\/\/www.ofiset.es\/index.php\/wp-json\/wp\/v2\/categories?post=804"},{"taxonomy":"post_tag","embeddable":true,"href":"http:\/\/www.ofiset.es\/index.php\/wp-json\/wp\/v2\/tags?post=804"}],"curies":[{"name":"wp","href":"https:\/\/api.w.org\/{rel}","templated":true}]}}