{"id":898,"date":"2018-06-01T11:54:04","date_gmt":"2018-06-01T09:54:04","guid":{"rendered":"http:\/\/www.ofiset.es\/?p=898"},"modified":"2018-09-19T17:58:19","modified_gmt":"2018-09-19T15:58:19","slug":"ofiset-agente-de-innovacion-en-el-grupo-operativo-supra-autonomico-huerta-4-0-invernaderos-sostenibles-en-zonas-frias","status":"publish","type":"post","link":"http:\/\/www.ofiset.es\/index.php\/2018\/06\/01\/ofiset-agente-de-innovacion-en-el-grupo-operativo-supra-autonomico-huerta-4-0-invernaderos-sostenibles-en-zonas-frias\/","title":{"rendered":"OFISET, AGENTE DE INNOVACI\u00d3N EN EL GRUPO OPERATIVO SUPRA-AUTON\u00d3MICO HUERTA 4.0 &#8211; INVERNADEROS SOSTENIBLES EN ZONAS FR\u00cdAS"},"content":{"rendered":"<p><em>Importantes actores del medio rural se han unido para solicitar su constituci\u00f3n como Grupo Operativo Supraauton\u00f3mico por el Ministerio de Agricultura y Pesca, Alimentaci\u00f3n y Medio Ambiente (MAPAMA) y proponer un proyecto innovador que tiene como objetivo la adaptaci\u00f3n del concepto Passive Solar Greenhouse a las latitudes del interior de Espa\u00f1a, caracterizadas por inviernos fr\u00edos y veranos calurosos.<\/em><\/p>\n<p>&nbsp;<\/p>\n<p>El Instituto de Recursos Naturales y Agrobiolog\u00eda de Salamanca (IRNASA \u2013 CSIC), el \u00c1rea de Producci\u00f3n Vegetal de la Universidad de Salamanca (USAL), la Fundaci\u00f3n Cajamar, la Cooperativa Agr\u00edcola de Barbastro (SCLAB), UAGA \u2013 COAG Arag\u00f3n, ASAJA Salamanca, el Centro de Desarrollo del Somontano, el Centro de Transferencia Agroalimentaria del Gobierno de Arag\u00f3n, Desarrolla Consultores, OFISET y la Asociaci\u00f3n Nordeste de Salamanca, como representante de la Agrupaci\u00f3n, son los integrantes del Grupo Operativo Supraauton\u00f3mico \u201c<em>HUERTA 4.0 &#8211; Invernaderos sostenibles en zonas fr\u00edas<\/em>\u201d que pretende fomentar la implantaci\u00f3n de esta tipolog\u00eda de invernaderos, adapt\u00e1ndola a las condiciones clim\u00e1ticas existentes en el interior de nuestra pen\u00ednsula, donde coincide que se encuentran las \u00e1reas m\u00e1s afectadas por el despoblamiento rural.<\/p>\n<p>Esta Agrupaci\u00f3n quiere ofrecer un modelo de negocio rentable en \u00e1reas despobladas que junto con una mejora de la comercializaci\u00f3n de las producciones mediante la introducci\u00f3n de variedades tradicionales y la comercializaci\u00f3n de proximidad, haga que la actividad agr\u00edcola genere una renta sostenible en el tiempo, fijando poblaci\u00f3n y reactivando el flujo econ\u00f3mico en el mundo rural.<\/p>\n<p>Para obtener los resultados esperados, este proyecto a dos a\u00f1os planifica una serie de actuaciones teniendo como hilo conductor la implantaci\u00f3n de dos invernaderos piloto en las provincias de Salamanca y Huesca.<\/p>\n<p>El Grupo Operativo identifica la producci\u00f3n de cultivos forzados como un complemento y alternativa rentable y sostenible en el tiempo para el regad\u00edo extensivo peninsular ya que es m\u00e1s eficiente en la utilizaci\u00f3n de los recursos, las producciones pueden desestacionalizarse y tener unos rendimientos m\u00e1s homog\u00e9neos, y pueden diversificar el riesgo del productor y suponer una alternativa ante el monocultivo de ma\u00edz o las rotaciones cl\u00e1sicas de remolacha, patata, etc.<\/p>\n<p>La producci\u00f3n en estos invernaderosresponde a un nicho de mercado con una demanda en continuo crecimiento, donde el agricultorlogra una mayor rentabilidad.<\/p>\n<p>Se han programado dos jornadas t\u00e9cnicas con el t\u00edtulo \u201cRentabilidad y sostenibilidad de los cultivos forzados para el mercado de proximidad\u201d para los d\u00edas 19 y 20 de junio, en Salamanca y Barbastro (Huesca), respectivamente, para dar a conocer el proyecto y la rentabilidad de una buena planificaci\u00f3n hort\u00edcola bajo pl\u00e1stico adaptada a las condiciones clim\u00e1ticas y focalizada en el consumidor de proximidad.<\/p>\n<p>El funcionamiento del Grupo Operativo Supraauton\u00f3mico en relaci\u00f3n con la Asociaci\u00f3n Europea para la Innovaci\u00f3n en Materia de Productividad y Sostenibilidad Agr\u00edcola (AEI-AGRI) se enmarca dentro del Programa Nacional de Desarrollo Rural 2014-2020, financiado al 20% por el Ministerio de Agricultura, Pesca y Alimentaci\u00f3n (MAPA) y al 80% por el Fondo Europeo Agr\u00edcola de Desarrollo Rural (FEADER).<\/p>\n<p>&nbsp;<\/p>\n<p><strong>Contacto:<\/strong><\/p>\n<p>Vidal S\u00e1nchez<\/p>\n<p>Responsable t\u00e9cnico en proyectos de Innovaci\u00f3n para el Medio Rural<\/p>\n<p>OFISET SL<\/p>\n<p>Tel. 669 166 914<\/p>\n<p>e-mail: ofisetsl@gmail.com<\/p>\n<p>&nbsp;<\/p>\n<p><img decoding=\"async\" loading=\"lazy\" class=\"aligncenter size-large wp-image-920\" src=\"http:\/\/www.ofiset.es\/wp-content\/uploads\/2018\/06\/Logo-FEADER-MAPA-PNDR-1024x183.jpg\" alt=\"\" width=\"1024\" height=\"183\" srcset=\"http:\/\/www.ofiset.es\/wp-content\/uploads\/2018\/06\/Logo-FEADER-MAPA-PNDR-1024x183.jpg 1024w, http:\/\/www.ofiset.es\/wp-content\/uploads\/2018\/06\/Logo-FEADER-MAPA-PNDR-300x54.jpg 300w, http:\/\/www.ofiset.es\/wp-content\/uploads\/2018\/06\/Logo-FEADER-MAPA-PNDR-768x138.jpg 768w\" sizes=\"(max-width: 1024px) 100vw, 1024px\" \/><\/p>\n","protected":false},"excerpt":{"rendered":"<p>Importantes actores del medio rural se han unido para solicitar su constituci\u00f3n como Grupo Operativo Supraauton\u00f3mico por el Ministerio de Agricultura y Pesca, Alimentaci\u00f3n y Medio Ambiente (MAPAMA) y proponer un proyecto innovador que tiene como objetivo la adaptaci\u00f3n del concepto Passive Solar Greenhouse a las latitudes del interior de Espa\u00f1a, caracterizadas por inviernos fr\u00edos [&hellip;]<\/p>\n","protected":false},"author":1,"featured_media":899,"comment_status":"open","ping_status":"open","sticky":false,"template":"","format":"standard","meta":[],"categories":[38],"tags":[],"_links":{"self":[{"href":"http:\/\/www.ofiset.es\/index.php\/wp-json\/wp\/v2\/posts\/898"}],"collection":[{"href":"http:\/\/www.ofiset.es\/index.php\/wp-json\/wp\/v2\/posts"}],"about":[{"href":"http:\/\/www.ofiset.es\/index.php\/wp-json\/wp\/v2\/types\/post"}],"author":[{"embeddable":true,"href":"http:\/\/www.ofiset.es\/index.php\/wp-json\/wp\/v2\/users\/1"}],"replies":[{"embeddable":true,"href":"http:\/\/www.ofiset.es\/index.php\/wp-json\/wp\/v2\/comments?post=898"}],"version-history":[{"count":5,"href":"http:\/\/www.ofiset.es\/index.php\/wp-json\/wp\/v2\/posts\/898\/revisions"}],"predecessor-version":[{"id":921,"href":"http:\/\/www.ofiset.es\/index.php\/wp-json\/wp\/v2\/posts\/898\/revisions\/921"}],"wp:featuredmedia":[{"embeddable":true,"href":"http:\/\/www.ofiset.es\/index.php\/wp-json\/wp\/v2\/media\/899"}],"wp:attachment":[{"href":"http:\/\/www.ofiset.es\/index.php\/wp-json\/wp\/v2\/media?parent=898"}],"wp:term":[{"taxonomy":"category","embeddable":true,"href":"http:\/\/www.ofiset.es\/index.php\/wp-json\/wp\/v2\/categories?post=898"},{"taxonomy":"post_tag","embeddable":true,"href":"http:\/\/www.ofiset.es\/index.php\/wp-json\/wp\/v2\/tags?post=898"}],"curies":[{"name":"wp","href":"https:\/\/api.w.org\/{rel}","templated":true}]}}